{"id":2645,"date":"2023-08-25T11:16:33","date_gmt":"2023-08-25T11:16:33","guid":{"rendered":"https:\/\/gemengen.cuco.lu\/gesetz-ueber-das-interkulturelle-zusammenleben\/"},"modified":"2023-11-22T10:43:29","modified_gmt":"2023-11-22T10:43:29","slug":"gesetz-ueber-das-interkulturelle-zusammenleben","status":"publish","type":"post","link":"https:\/\/gemengen.zesummeliewen.lu\/de\/gesetz-ueber-das-interkulturelle-zusammenleben\/","title":{"rendered":"Gesetz \u00fcber das interkulturelle Zusammenleben"},"content":{"rendered":"<p><span lang=\"fr\">Am 20. Juli 2023 hat die Abgeordnetenkammer das <a href=\"https:\/\/legilux.public.lu\/eli\/etat\/leg\/loi\/2023\/08\/23\/a545\/jo\">Gesetz \u00fcber das interkulturelle Zusammenleben und zur \u00c4nderung des ge\u00e4nderten Gesetzes vom 8. M\u00e4rz 2017 \u00fcber die luxemburgische Staatsangeh\u00f6rigkeit<\/a><\/span> verabschiedet.<\/p>\n<p><span lang=\"fr\">Der neue Text ersetzt den im Gesetz von 2008 verankerten Ansatz der &#8222;Integration&#8220; durch ein umfassenderes Konzept, das die Vielfalt unserer Gesellschaft besser widerspiegelt, n\u00e4mlich das des &#8222;interkulturellen Zusammenlebens&#8220;. Das neue Gesetz, dem eine umfassende \u00f6ffentliche Konsultation vorausgegangen war, enth\u00e4lt eine umfassende Neufassung der Instrumente des interkulturellen Zusammenlebens und hebt das ge\u00e4nderte Gesetz vom 16. Dezember 2008 \u00fcber die Integration von Ausl\u00e4ndern im Gro\u00dfherzogtum Luxemburg auf.<\/span><\/p>\n","protected":false},"excerpt":{"rendered":"<p>Am 20. Juli 2023 hat die Abgeordnetenkammer das Gesetz \u00fcber das interkulturelle Zusammenleben und zur \u00c4nderung des ge\u00e4nderten Gesetzes vom 8. M\u00e4rz 2017 \u00fcber die luxemburgische Staatsangeh\u00f6rigkeit verabschiedet. Der neue&#8230;<\/p>\n","protected":false},"author":3,"featured_media":2624,"comment_status":"closed","ping_status":"closed","sticky":false,"template":"","format":"standard","meta":{"_acf_changed":false,"inline_featured_image":false,"footnotes":""},"categories":[33],"tags":[],"class_list":{"0":"post-2645","1":"post","2":"type-post","3":"status-publish","4":"format-standard","5":"has-post-thumbnail","7":"category-non-classifiee-de"},"acf":[],"yoast_head":"<!-- This site is optimized with the Yoast SEO plugin v26.8 - https:\/\/yoast.com\/product\/yoast-seo-wordpress\/ -->\n<title>Aktuelles - Gesetz \u00fcber das interkulturelle Zusammenleben<\/title>\n<meta name=\"description\" content=\"Am 20. Juli 2023 hat die Abgeordnetenkammer das Gesetz \u00fcber das interkulturelle Zusammenleben und zur \u00c4nderung des ge\u00e4nderten Gesetzes vom 8. M\u00e4rz 2017 \u00fcber die luxemburgische Staatsangeh\u00f6rigkeit verabschiedet.\" \/>\n<meta name=\"robots\" content=\"index, follow, max-snippet:-1, max-image-preview:large, max-video-preview:-1\" \/>\n<link rel=\"canonical\" href=\"https:\/\/gemengen.zesummeliewen.lu\/de\/gesetz-ueber-das-interkulturelle-zusammenleben\/\" \/>\n<meta property=\"og:locale\" content=\"de_DE\" \/>\n<meta property=\"og:type\" content=\"article\" \/>\n<meta property=\"og:title\" content=\"Aktuelles - Gesetz \u00fcber das interkulturelle Zusammenleben\" \/>\n<meta property=\"og:description\" content=\"Am 20. Juli 2023 hat die Abgeordnetenkammer das Gesetz \u00fcber das interkulturelle Zusammenleben und zur \u00c4nderung des ge\u00e4nderten Gesetzes vom 8. M\u00e4rz 2017 \u00fcber die luxemburgische Staatsangeh\u00f6rigkeit verabschiedet.\" \/>\n<meta property=\"og:url\" content=\"https:\/\/gemengen.zesummeliewen.lu\/de\/gesetz-ueber-das-interkulturelle-zusammenleben\/\" \/>\n<meta property=\"og:site_name\" content=\"Zesummeliewen\" \/>\n<meta property=\"article:published_time\" content=\"2023-08-25T11:16:33+00:00\" \/>\n<meta property=\"article:modified_time\" content=\"2023-11-22T10:43:29+00:00\" \/>\n<meta property=\"og:image\" content=\"https:\/\/gemengen.zesummeliewen.lu\/wp-content\/uploads\/2023\/10\/Loi.jpg\" \/>\n\t<meta property=\"og:image:width\" content=\"1184\" \/>\n\t<meta property=\"og:image:height\" content=\"665\" \/>\n\t<meta property=\"og:image:type\" content=\"image\/jpeg\" \/>\n<meta name=\"author\" content=\"Anna\" \/>\n<meta name=\"twitter:card\" content=\"summary_large_image\" \/>\n<meta name=\"twitter:label1\" content=\"Verfasst von\" \/>\n\t<meta name=\"twitter:data1\" content=\"Anna\" \/>\n<script type=\"application\/ld+json\" class=\"yoast-schema-graph\">{\"@context\":\"https:\/\/schema.org\",\"@graph\":[{\"@type\":\"Article\",\"@id\":\"https:\/\/gemengen.zesummeliewen.lu\/de\/gesetz-ueber-das-interkulturelle-zusammenleben\/#article\",\"isPartOf\":{\"@id\":\"https:\/\/gemengen.zesummeliewen.lu\/de\/gesetz-ueber-das-interkulturelle-zusammenleben\/\"},\"author\":{\"name\":\"Anna\",\"@id\":\"https:\/\/gemengen.zesummeliewen.lu\/#\/schema\/person\/b6d80aff2ce69a2016886d2bfda451c6\"},\"headline\":\"Gesetz \u00fcber das interkulturelle Zusammenleben\",\"datePublished\":\"2023-08-25T11:16:33+00:00\",\"dateModified\":\"2023-11-22T10:43:29+00:00\",\"mainEntityOfPage\":{\"@id\":\"https:\/\/gemengen.zesummeliewen.lu\/de\/gesetz-ueber-das-interkulturelle-zusammenleben\/\"},\"wordCount\":100,\"publisher\":{\"@id\":\"https:\/\/gemengen.zesummeliewen.lu\/#organization\"},\"image\":{\"@id\":\"https:\/\/gemengen.zesummeliewen.lu\/de\/gesetz-ueber-das-interkulturelle-zusammenleben\/#primaryimage\"},\"thumbnailUrl\":\"https:\/\/gemengen.zesummeliewen.lu\/wp-content\/uploads\/2023\/10\/Loi.jpg\",\"articleSection\":[\"Non classifi\u00e9(e)\"],\"inLanguage\":\"de\"},{\"@type\":\"WebPage\",\"@id\":\"https:\/\/gemengen.zesummeliewen.lu\/de\/gesetz-ueber-das-interkulturelle-zusammenleben\/\",\"url\":\"https:\/\/gemengen.zesummeliewen.lu\/de\/gesetz-ueber-das-interkulturelle-zusammenleben\/\",\"name\":\"Aktuelles - Gesetz \u00fcber das interkulturelle Zusammenleben\",\"isPartOf\":{\"@id\":\"https:\/\/gemengen.zesummeliewen.lu\/#website\"},\"primaryImageOfPage\":{\"@id\":\"https:\/\/gemengen.zesummeliewen.lu\/de\/gesetz-ueber-das-interkulturelle-zusammenleben\/#primaryimage\"},\"image\":{\"@id\":\"https:\/\/gemengen.zesummeliewen.lu\/de\/gesetz-ueber-das-interkulturelle-zusammenleben\/#primaryimage\"},\"thumbnailUrl\":\"https:\/\/gemengen.zesummeliewen.lu\/wp-content\/uploads\/2023\/10\/Loi.jpg\",\"datePublished\":\"2023-08-25T11:16:33+00:00\",\"dateModified\":\"2023-11-22T10:43:29+00:00\",\"description\":\"Am 20. Juli 2023 hat die Abgeordnetenkammer das Gesetz \u00fcber das interkulturelle Zusammenleben und zur \u00c4nderung des ge\u00e4nderten Gesetzes vom 8. M\u00e4rz 2017 \u00fcber die luxemburgische Staatsangeh\u00f6rigkeit verabschiedet.\",\"breadcrumb\":{\"@id\":\"https:\/\/gemengen.zesummeliewen.lu\/de\/gesetz-ueber-das-interkulturelle-zusammenleben\/#breadcrumb\"},\"inLanguage\":\"de\",\"potentialAction\":[{\"@type\":\"ReadAction\",\"target\":[\"https:\/\/gemengen.zesummeliewen.lu\/de\/gesetz-ueber-das-interkulturelle-zusammenleben\/\"]}]},{\"@type\":\"ImageObject\",\"inLanguage\":\"de\",\"@id\":\"https:\/\/gemengen.zesummeliewen.lu\/de\/gesetz-ueber-das-interkulturelle-zusammenleben\/#primaryimage\",\"url\":\"https:\/\/gemengen.zesummeliewen.lu\/wp-content\/uploads\/2023\/10\/Loi.jpg\",\"contentUrl\":\"https:\/\/gemengen.zesummeliewen.lu\/wp-content\/uploads\/2023\/10\/Loi.jpg\",\"width\":1184,\"height\":665,\"caption\":\"Actualit\u00e9s loi du vivre-ensemble interculturel\"},{\"@type\":\"BreadcrumbList\",\"@id\":\"https:\/\/gemengen.zesummeliewen.lu\/de\/gesetz-ueber-das-interkulturelle-zusammenleben\/#breadcrumb\",\"itemListElement\":[{\"@type\":\"ListItem\",\"position\":1,\"name\":\"Startseite\",\"item\":\"https:\/\/gemengen.zesummeliewen.lu\/de\/\"},{\"@type\":\"ListItem\",\"position\":2,\"name\":\"Gesetz \u00fcber das interkulturelle Zusammenleben\"}]},{\"@type\":\"WebSite\",\"@id\":\"https:\/\/gemengen.zesummeliewen.lu\/#website\",\"url\":\"https:\/\/gemengen.zesummeliewen.lu\/\",\"name\":\"Zesummeliewen\",\"description\":\"Zesummeliewen an \u00e4rer Gemeng\",\"publisher\":{\"@id\":\"https:\/\/gemengen.zesummeliewen.lu\/#organization\"},\"potentialAction\":[{\"@type\":\"SearchAction\",\"target\":{\"@type\":\"EntryPoint\",\"urlTemplate\":\"https:\/\/gemengen.zesummeliewen.lu\/?s={search_term_string}\"},\"query-input\":{\"@type\":\"PropertyValueSpecification\",\"valueRequired\":true,\"valueName\":\"search_term_string\"}}],\"inLanguage\":\"de\"},{\"@type\":\"Organization\",\"@id\":\"https:\/\/gemengen.zesummeliewen.lu\/#organization\",\"name\":\"Zesummeliewen\",\"alternateName\":\"Zesummeliewen\",\"url\":\"https:\/\/gemengen.zesummeliewen.lu\/\",\"logo\":{\"@type\":\"ImageObject\",\"inLanguage\":\"de\",\"@id\":\"https:\/\/gemengen.zesummeliewen.lu\/#\/schema\/logo\/image\/\",\"url\":\"https:\/\/gemengen.zesummeliewen.lu\/wp-content\/uploads\/2023\/02\/MFI__zesumme_liewen_gemeng_logo-1.png\",\"contentUrl\":\"https:\/\/gemengen.zesummeliewen.lu\/wp-content\/uploads\/2023\/02\/MFI__zesumme_liewen_gemeng_logo-1.png\",\"width\":1718,\"height\":613,\"caption\":\"Zesummeliewen\"},\"image\":{\"@id\":\"https:\/\/gemengen.zesummeliewen.lu\/#\/schema\/logo\/image\/\"}},{\"@type\":\"Person\",\"@id\":\"https:\/\/gemengen.zesummeliewen.lu\/#\/schema\/person\/b6d80aff2ce69a2016886d2bfda451c6\",\"name\":\"Anna\"}]}<\/script>\n<!-- \/ Yoast SEO plugin. -->","yoast_head_json":{"title":"Aktuelles - Gesetz \u00fcber das interkulturelle Zusammenleben","description":"Am 20. Juli 2023 hat die Abgeordnetenkammer das Gesetz \u00fcber das interkulturelle Zusammenleben und zur \u00c4nderung des ge\u00e4nderten Gesetzes vom 8. M\u00e4rz 2017 \u00fcber die luxemburgische Staatsangeh\u00f6rigkeit verabschiedet.","robots":{"index":"index","follow":"follow","max-snippet":"max-snippet:-1","max-image-preview":"max-image-preview:large","max-video-preview":"max-video-preview:-1"},"canonical":"https:\/\/gemengen.zesummeliewen.lu\/de\/gesetz-ueber-das-interkulturelle-zusammenleben\/","og_locale":"de_DE","og_type":"article","og_title":"Aktuelles - Gesetz \u00fcber das interkulturelle Zusammenleben","og_description":"Am 20. Juli 2023 hat die Abgeordnetenkammer das Gesetz \u00fcber das interkulturelle Zusammenleben und zur \u00c4nderung des ge\u00e4nderten Gesetzes vom 8. M\u00e4rz 2017 \u00fcber die luxemburgische Staatsangeh\u00f6rigkeit verabschiedet.","og_url":"https:\/\/gemengen.zesummeliewen.lu\/de\/gesetz-ueber-das-interkulturelle-zusammenleben\/","og_site_name":"Zesummeliewen","article_published_time":"2023-08-25T11:16:33+00:00","article_modified_time":"2023-11-22T10:43:29+00:00","og_image":[{"width":1184,"height":665,"url":"https:\/\/gemengen.zesummeliewen.lu\/wp-content\/uploads\/2023\/10\/Loi.jpg","type":"image\/jpeg"}],"author":"Anna","twitter_card":"summary_large_image","twitter_misc":{"Verfasst von":"Anna"},"schema":{"@context":"https:\/\/schema.org","@graph":[{"@type":"Article","@id":"https:\/\/gemengen.zesummeliewen.lu\/de\/gesetz-ueber-das-interkulturelle-zusammenleben\/#article","isPartOf":{"@id":"https:\/\/gemengen.zesummeliewen.lu\/de\/gesetz-ueber-das-interkulturelle-zusammenleben\/"},"author":{"name":"Anna","@id":"https:\/\/gemengen.zesummeliewen.lu\/#\/schema\/person\/b6d80aff2ce69a2016886d2bfda451c6"},"headline":"Gesetz \u00fcber das interkulturelle Zusammenleben","datePublished":"2023-08-25T11:16:33+00:00","dateModified":"2023-11-22T10:43:29+00:00","mainEntityOfPage":{"@id":"https:\/\/gemengen.zesummeliewen.lu\/de\/gesetz-ueber-das-interkulturelle-zusammenleben\/"},"wordCount":100,"publisher":{"@id":"https:\/\/gemengen.zesummeliewen.lu\/#organization"},"image":{"@id":"https:\/\/gemengen.zesummeliewen.lu\/de\/gesetz-ueber-das-interkulturelle-zusammenleben\/#primaryimage"},"thumbnailUrl":"https:\/\/gemengen.zesummeliewen.lu\/wp-content\/uploads\/2023\/10\/Loi.jpg","articleSection":["Non classifi\u00e9(e)"],"inLanguage":"de"},{"@type":"WebPage","@id":"https:\/\/gemengen.zesummeliewen.lu\/de\/gesetz-ueber-das-interkulturelle-zusammenleben\/","url":"https:\/\/gemengen.zesummeliewen.lu\/de\/gesetz-ueber-das-interkulturelle-zusammenleben\/","name":"Aktuelles - Gesetz \u00fcber das interkulturelle Zusammenleben","isPartOf":{"@id":"https:\/\/gemengen.zesummeliewen.lu\/#website"},"primaryImageOfPage":{"@id":"https:\/\/gemengen.zesummeliewen.lu\/de\/gesetz-ueber-das-interkulturelle-zusammenleben\/#primaryimage"},"image":{"@id":"https:\/\/gemengen.zesummeliewen.lu\/de\/gesetz-ueber-das-interkulturelle-zusammenleben\/#primaryimage"},"thumbnailUrl":"https:\/\/gemengen.zesummeliewen.lu\/wp-content\/uploads\/2023\/10\/Loi.jpg","datePublished":"2023-08-25T11:16:33+00:00","dateModified":"2023-11-22T10:43:29+00:00","description":"Am 20. Juli 2023 hat die Abgeordnetenkammer das Gesetz \u00fcber das interkulturelle Zusammenleben und zur \u00c4nderung des ge\u00e4nderten Gesetzes vom 8. M\u00e4rz 2017 \u00fcber die luxemburgische Staatsangeh\u00f6rigkeit verabschiedet.","breadcrumb":{"@id":"https:\/\/gemengen.zesummeliewen.lu\/de\/gesetz-ueber-das-interkulturelle-zusammenleben\/#breadcrumb"},"inLanguage":"de","potentialAction":[{"@type":"ReadAction","target":["https:\/\/gemengen.zesummeliewen.lu\/de\/gesetz-ueber-das-interkulturelle-zusammenleben\/"]}]},{"@type":"ImageObject","inLanguage":"de","@id":"https:\/\/gemengen.zesummeliewen.lu\/de\/gesetz-ueber-das-interkulturelle-zusammenleben\/#primaryimage","url":"https:\/\/gemengen.zesummeliewen.lu\/wp-content\/uploads\/2023\/10\/Loi.jpg","contentUrl":"https:\/\/gemengen.zesummeliewen.lu\/wp-content\/uploads\/2023\/10\/Loi.jpg","width":1184,"height":665,"caption":"Actualit\u00e9s loi du vivre-ensemble interculturel"},{"@type":"BreadcrumbList","@id":"https:\/\/gemengen.zesummeliewen.lu\/de\/gesetz-ueber-das-interkulturelle-zusammenleben\/#breadcrumb","itemListElement":[{"@type":"ListItem","position":1,"name":"Startseite","item":"https:\/\/gemengen.zesummeliewen.lu\/de\/"},{"@type":"ListItem","position":2,"name":"Gesetz \u00fcber das interkulturelle Zusammenleben"}]},{"@type":"WebSite","@id":"https:\/\/gemengen.zesummeliewen.lu\/#website","url":"https:\/\/gemengen.zesummeliewen.lu\/","name":"Zesummeliewen","description":"Zesummeliewen an \u00e4rer Gemeng","publisher":{"@id":"https:\/\/gemengen.zesummeliewen.lu\/#organization"},"potentialAction":[{"@type":"SearchAction","target":{"@type":"EntryPoint","urlTemplate":"https:\/\/gemengen.zesummeliewen.lu\/?s={search_term_string}"},"query-input":{"@type":"PropertyValueSpecification","valueRequired":true,"valueName":"search_term_string"}}],"inLanguage":"de"},{"@type":"Organization","@id":"https:\/\/gemengen.zesummeliewen.lu\/#organization","name":"Zesummeliewen","alternateName":"Zesummeliewen","url":"https:\/\/gemengen.zesummeliewen.lu\/","logo":{"@type":"ImageObject","inLanguage":"de","@id":"https:\/\/gemengen.zesummeliewen.lu\/#\/schema\/logo\/image\/","url":"https:\/\/gemengen.zesummeliewen.lu\/wp-content\/uploads\/2023\/02\/MFI__zesumme_liewen_gemeng_logo-1.png","contentUrl":"https:\/\/gemengen.zesummeliewen.lu\/wp-content\/uploads\/2023\/02\/MFI__zesumme_liewen_gemeng_logo-1.png","width":1718,"height":613,"caption":"Zesummeliewen"},"image":{"@id":"https:\/\/gemengen.zesummeliewen.lu\/#\/schema\/logo\/image\/"}},{"@type":"Person","@id":"https:\/\/gemengen.zesummeliewen.lu\/#\/schema\/person\/b6d80aff2ce69a2016886d2bfda451c6","name":"Anna"}]}},"_links":{"self":[{"href":"https:\/\/gemengen.zesummeliewen.lu\/de\/wp-json\/wp\/v2\/posts\/2645","targetHints":{"allow":["GET"]}}],"collection":[{"href":"https:\/\/gemengen.zesummeliewen.lu\/de\/wp-json\/wp\/v2\/posts"}],"about":[{"href":"https:\/\/gemengen.zesummeliewen.lu\/de\/wp-json\/wp\/v2\/types\/post"}],"author":[{"embeddable":true,"href":"https:\/\/gemengen.zesummeliewen.lu\/de\/wp-json\/wp\/v2\/users\/3"}],"replies":[{"embeddable":true,"href":"https:\/\/gemengen.zesummeliewen.lu\/de\/wp-json\/wp\/v2\/comments?post=2645"}],"version-history":[{"count":2,"href":"https:\/\/gemengen.zesummeliewen.lu\/de\/wp-json\/wp\/v2\/posts\/2645\/revisions"}],"predecessor-version":[{"id":3001,"href":"https:\/\/gemengen.zesummeliewen.lu\/de\/wp-json\/wp\/v2\/posts\/2645\/revisions\/3001"}],"wp:featuredmedia":[{"embeddable":true,"href":"https:\/\/gemengen.zesummeliewen.lu\/de\/wp-json\/wp\/v2\/media\/2624"}],"wp:attachment":[{"href":"https:\/\/gemengen.zesummeliewen.lu\/de\/wp-json\/wp\/v2\/media?parent=2645"}],"wp:term":[{"taxonomy":"category","embeddable":true,"href":"https:\/\/gemengen.zesummeliewen.lu\/de\/wp-json\/wp\/v2\/categories?post=2645"},{"taxonomy":"post_tag","embeddable":true,"href":"https:\/\/gemengen.zesummeliewen.lu\/de\/wp-json\/wp\/v2\/tags?post=2645"}],"curies":[{"name":"wp","href":"https:\/\/api.w.org\/{rel}","templated":true}]}}