{"id":2636,"date":"2023-10-16T13:46:22","date_gmt":"2023-10-16T13:46:22","guid":{"rendered":"https:\/\/gemengen.cuco.lu\/gresil-11-29-november-2023\/"},"modified":"2023-11-23T07:23:55","modified_gmt":"2023-11-23T07:23:55","slug":"gresil-11-29-november-2023","status":"publish","type":"post","link":"https:\/\/gemengen.zesummeliewen.lu\/de\/gresil-11-29-november-2023\/","title":{"rendered":"GRESIL 11 &#8211; 29. November 2023"},"content":{"rendered":"[vc_row type=&#8220;in_container&#8220; full_screen_row_position=&#8220;middle&#8220; column_margin=&#8220;default&#8220; column_direction=&#8220;default&#8220; column_direction_tablet=&#8220;default&#8220; column_direction_phone=&#8220;default&#8220; scene_position=&#8220;center&#8220; text_color=&#8220;dark&#8220; text_align=&#8220;left&#8220; row_border_radius=&#8220;none&#8220; row_border_radius_applies=&#8220;bg&#8220; overflow=&#8220;visible&#8220; overlay_strength=&#8220;0.3&#8243; gradient_direction=&#8220;left_to_right&#8220; shape_divider_position=&#8220;bottom&#8220; bg_image_animation=&#8220;none&#8220;][vc_column column_padding=&#8220;no-extra-padding&#8220; column_padding_tablet=&#8220;inherit&#8220; column_padding_phone=&#8220;inherit&#8220; column_padding_position=&#8220;all&#8220; column_element_direction_desktop=&#8220;default&#8220; column_element_spacing=&#8220;default&#8220; desktop_text_alignment=&#8220;default&#8220; tablet_text_alignment=&#8220;default&#8220; phone_text_alignment=&#8220;default&#8220; background_color_opacity=&#8220;1&#8243; background_hover_color_opacity=&#8220;1&#8243; column_backdrop_filter=&#8220;none&#8220; column_shadow=&#8220;none&#8220; column_border_radius=&#8220;none&#8220; column_link_target=&#8220;_self&#8220; column_position=&#8220;default&#8220; gradient_direction=&#8220;left_to_right&#8220; overlay_strength=&#8220;0.3&#8243; width=&#8220;1\/1&#8243; tablet_width_inherit=&#8220;default&#8220; animation_type=&#8220;default&#8220; bg_image_animation=&#8220;none&#8220; border_type=&#8220;simple&#8220; column_border_width=&#8220;none&#8220; column_border_style=&#8220;solid&#8220;][vc_column_text]Das Minist\u00e8re de la Famille, des Solidarit\u00e9s, du Vivre ensemble et de l\u2019Accueil, SYVICOL, CEFIS und ASTI freuen sich, Ihnen das n\u00e4chste Treffen der kommunalen Akteure im Rahmen des GRESIL &#8211; Gruppe f\u00fcr Austausch und Unterst\u00fctzung im Bereich der Integration auf lokaler Ebene &#8211; ank\u00fcndigen zu k\u00f6nnen. Das Thema wird sein: &#8222;Neuer gesetzlicher Rahmen: Gesetz vom 23. August 2023 \u00fcber das interkulturelle Zusammenleben. F\u00f6rderung des interkulturellen Zusammenlebens auf lokaler Ebene, St\u00e4rkung des gesellschaftlichen Zusammenhalts&#8220;.<\/p>\n<p data-testid=\"pfqoBzrtI48zq7l4ZS3xT\">\u2192 Mittwoch, den 29. November 2023<\/p>\n<p>\u2192 Weitere Informationen: <a href=\"&#x6d;&#x61;&#105;&#108;to&#x3a;&#x63;&#x6f;&#109;mu&#x6e;&#x65;&#x73;&#64;&#105;n&#x74;&#x65;&#x67;&#114;&#97;t&#x69;&#x6f;&#x6e;&#46;&#101;ta&#x74;&#x2e;&#x6c;&#117;\">&#x63;&#x6f;&#x6d;&#109;&#117;ne&#x73;&#x40;&#x69;&#110;&#116;eg&#x72;&#x61;&#x74;&#105;&#111;n&#46;&#x65;&#x74;&#x61;&#116;&#46;lu<\/a>[\/vc_column_text][\/vc_column][\/vc_row][vc_row type=&#8220;full_width_background&#8220; full_screen_row_position=&#8220;middle&#8220; column_margin=&#8220;default&#8220; column_direction=&#8220;default&#8220; column_direction_tablet=&#8220;default&#8220; column_direction_phone=&#8220;default&#8220; scene_position=&#8220;center&#8220; text_color=&#8220;dark&#8220; text_align=&#8220;left&#8220; row_border_radius=&#8220;none&#8220; row_border_radius_applies=&#8220;bg&#8220; overflow=&#8220;visible&#8220; overlay_strength=&#8220;0.3&#8243; gradient_direction=&#8220;left_to_right&#8220; shape_divider_position=&#8220;bottom&#8220; bg_image_animation=&#8220;none&#8220; gradient_type=&#8220;default&#8220; shape_type=&#8220;&#8220;][vc_column column_padding=&#8220;no-extra-padding&#8220; column_padding_tablet=&#8220;inherit&#8220; column_padding_phone=&#8220;inherit&#8220; column_padding_position=&#8220;all&#8220; column_element_direction_desktop=&#8220;default&#8220; column_element_spacing=&#8220;default&#8220; desktop_text_alignment=&#8220;default&#8220; tablet_text_alignment=&#8220;default&#8220; phone_text_alignment=&#8220;default&#8220; background_color_opacity=&#8220;1&#8243; background_hover_color_opacity=&#8220;1&#8243; column_backdrop_filter=&#8220;none&#8220; column_shadow=&#8220;none&#8220; column_border_radius=&#8220;none&#8220; column_link_target=&#8220;_self&#8220; column_position=&#8220;default&#8220; gradient_direction=&#8220;left_to_right&#8220; overlay_strength=&#8220;0.3&#8243; width=&#8220;1\/1&#8243; tablet_width_inherit=&#8220;default&#8220; animation_type=&#8220;default&#8220; bg_image_animation=&#8220;none&#8220; border_type=&#8220;simple&#8220; column_border_width=&#8220;none&#8220; column_border_style=&#8220;solid&#8220;][\/vc_column][\/vc_row]\n","protected":false},"excerpt":{"rendered":"<p>[vc_row type=&#8220;in_container&#8220; full_screen_row_position=&#8220;middle&#8220; column_margin=&#8220;default&#8220; column_direction=&#8220;default&#8220; column_direction_tablet=&#8220;default&#8220; column_direction_phone=&#8220;default&#8220; scene_position=&#8220;center&#8220; text_color=&#8220;dark&#8220; text_align=&#8220;left&#8220; row_border_radius=&#8220;none&#8220; row_border_radius_applies=&#8220;bg&#8220; overflow=&#8220;visible&#8220; overlay_strength=&#8220;0.3&#8243; gradient_direction=&#8220;left_to_right&#8220; shape_divider_position=&#8220;bottom&#8220; bg_image_animation=&#8220;none&#8220;][vc_column column_padding=&#8220;no-extra-padding&#8220; column_padding_tablet=&#8220;inherit&#8220; column_padding_phone=&#8220;inherit&#8220; column_padding_position=&#8220;all&#8220; column_element_direction_desktop=&#8220;default&#8220; column_element_spacing=&#8220;default&#8220; desktop_text_alignment=&#8220;default&#8220; tablet_text_alignment=&#8220;default&#8220; phone_text_alignment=&#8220;default&#8220; background_color_opacity=&#8220;1&#8243; background_hover_color_opacity=&#8220;1&#8243; column_backdrop_filter=&#8220;none&#8220; column_shadow=&#8220;none&#8220;&#8230;<\/p>\n","protected":false},"author":1,"featured_media":2604,"comment_status":"closed","ping_status":"closed","sticky":false,"template":"","format":"standard","meta":{"_acf_changed":false,"inline_featured_image":false,"footnotes":""},"categories":[33,33],"tags":[],"class_list":{"0":"post-2636","1":"post","2":"type-post","3":"status-publish","4":"format-standard","5":"has-post-thumbnail","7":"category-non-classifiee-de"},"acf":[],"yoast_head":"<!-- This site is optimized with the Yoast SEO plugin v26.8 - https:\/\/yoast.com\/product\/yoast-seo-wordpress\/ -->\n<title>Aktuelles - GRESIL 11 (29. November 2023)<\/title>\n<meta name=\"description\" content=\"Thema: \u201eNeuer gesetzlicher Rahmen: Gesetz vom 23. August 2023 \u00fcber das interkulturelle Zusammenleben. F\u00f6rderung des interkulturellen Zusammenlebens auf lokaler Ebene, St\u00e4rkung des gesellschaftlichen Zusammenhalts\u201c.\" \/>\n<meta name=\"robots\" content=\"index, follow, max-snippet:-1, max-image-preview:large, max-video-preview:-1\" \/>\n<link rel=\"canonical\" href=\"https:\/\/gemengen.zesummeliewen.lu\/de\/gresil-11-29-november-2023\/\" \/>\n<meta property=\"og:locale\" content=\"de_DE\" \/>\n<meta property=\"og:type\" content=\"article\" \/>\n<meta property=\"og:title\" content=\"Aktuelles - GRESIL 11 (29. November 2023)\" \/>\n<meta property=\"og:description\" content=\"Thema: \u201eNeuer gesetzlicher Rahmen: Gesetz vom 23. August 2023 \u00fcber das interkulturelle Zusammenleben. F\u00f6rderung des interkulturellen Zusammenlebens auf lokaler Ebene, St\u00e4rkung des gesellschaftlichen Zusammenhalts\u201c.\" \/>\n<meta property=\"og:url\" content=\"https:\/\/gemengen.zesummeliewen.lu\/de\/gresil-11-29-november-2023\/\" \/>\n<meta property=\"og:site_name\" content=\"Zesummeliewen\" \/>\n<meta property=\"article:published_time\" content=\"2023-10-16T13:46:22+00:00\" \/>\n<meta property=\"article:modified_time\" content=\"2023-11-23T07:23:55+00:00\" \/>\n<meta property=\"og:image\" content=\"https:\/\/gemengen.zesummeliewen.lu\/wp-content\/uploads\/2023\/10\/\u00a9MFAMIGR-news-gresil11.jpg\" \/>\n\t<meta property=\"og:image:width\" content=\"750\" \/>\n\t<meta property=\"og:image:height\" content=\"480\" \/>\n\t<meta property=\"og:image:type\" content=\"image\/jpeg\" \/>\n<meta name=\"author\" content=\"admin\" \/>\n<meta name=\"twitter:card\" content=\"summary_large_image\" \/>\n<meta name=\"twitter:label1\" content=\"Verfasst von\" \/>\n\t<meta name=\"twitter:data1\" content=\"admin\" \/>\n\t<meta name=\"twitter:label2\" content=\"Gesch\u00e4tzte Lesezeit\" \/>\n\t<meta name=\"twitter:data2\" content=\"2\u00a0Minuten\" \/>\n<script type=\"application\/ld+json\" class=\"yoast-schema-graph\">{\"@context\":\"https:\/\/schema.org\",\"@graph\":[{\"@type\":\"Article\",\"@id\":\"https:\/\/gemengen.zesummeliewen.lu\/de\/gresil-11-29-november-2023\/#article\",\"isPartOf\":{\"@id\":\"https:\/\/gemengen.zesummeliewen.lu\/de\/gresil-11-29-november-2023\/\"},\"author\":{\"name\":\"admin\",\"@id\":\"https:\/\/gemengen.zesummeliewen.lu\/#\/schema\/person\/b8e9c26111bd79bd57417b7e0dcb3dd0\"},\"headline\":\"GRESIL 11 &#8211; 29. November 2023\",\"datePublished\":\"2023-10-16T13:46:22+00:00\",\"dateModified\":\"2023-11-23T07:23:55+00:00\",\"mainEntityOfPage\":{\"@id\":\"https:\/\/gemengen.zesummeliewen.lu\/de\/gresil-11-29-november-2023\/\"},\"wordCount\":418,\"publisher\":{\"@id\":\"https:\/\/gemengen.zesummeliewen.lu\/#organization\"},\"image\":{\"@id\":\"https:\/\/gemengen.zesummeliewen.lu\/de\/gresil-11-29-november-2023\/#primaryimage\"},\"thumbnailUrl\":\"https:\/\/gemengen.zesummeliewen.lu\/wp-content\/uploads\/2023\/10\/\u00a9MFAMIGR-news-gresil11.jpg\",\"articleSection\":[\"Non classifi\u00e9(e)\",\"Non classifi\u00e9(e)\"],\"inLanguage\":\"de\"},{\"@type\":\"WebPage\",\"@id\":\"https:\/\/gemengen.zesummeliewen.lu\/de\/gresil-11-29-november-2023\/\",\"url\":\"https:\/\/gemengen.zesummeliewen.lu\/de\/gresil-11-29-november-2023\/\",\"name\":\"Aktuelles - GRESIL 11 (29. November 2023)\",\"isPartOf\":{\"@id\":\"https:\/\/gemengen.zesummeliewen.lu\/#website\"},\"primaryImageOfPage\":{\"@id\":\"https:\/\/gemengen.zesummeliewen.lu\/de\/gresil-11-29-november-2023\/#primaryimage\"},\"image\":{\"@id\":\"https:\/\/gemengen.zesummeliewen.lu\/de\/gresil-11-29-november-2023\/#primaryimage\"},\"thumbnailUrl\":\"https:\/\/gemengen.zesummeliewen.lu\/wp-content\/uploads\/2023\/10\/\u00a9MFAMIGR-news-gresil11.jpg\",\"datePublished\":\"2023-10-16T13:46:22+00:00\",\"dateModified\":\"2023-11-23T07:23:55+00:00\",\"description\":\"Thema: \u201eNeuer gesetzlicher Rahmen: Gesetz vom 23. August 2023 \u00fcber das interkulturelle Zusammenleben. F\u00f6rderung des interkulturellen Zusammenlebens auf lokaler Ebene, St\u00e4rkung des gesellschaftlichen Zusammenhalts\u201c.\",\"breadcrumb\":{\"@id\":\"https:\/\/gemengen.zesummeliewen.lu\/de\/gresil-11-29-november-2023\/#breadcrumb\"},\"inLanguage\":\"de\",\"potentialAction\":[{\"@type\":\"ReadAction\",\"target\":[\"https:\/\/gemengen.zesummeliewen.lu\/de\/gresil-11-29-november-2023\/\"]}]},{\"@type\":\"ImageObject\",\"inLanguage\":\"de\",\"@id\":\"https:\/\/gemengen.zesummeliewen.lu\/de\/gresil-11-29-november-2023\/#primaryimage\",\"url\":\"https:\/\/gemengen.zesummeliewen.lu\/wp-content\/uploads\/2023\/10\/\u00a9MFAMIGR-news-gresil11.jpg\",\"contentUrl\":\"https:\/\/gemengen.zesummeliewen.lu\/wp-content\/uploads\/2023\/10\/\u00a9MFAMIGR-news-gresil11.jpg\",\"width\":750,\"height\":480,\"caption\":\"Actualit\u00e9s GRESIL 11 Vivre-ensemble interculturel\"},{\"@type\":\"BreadcrumbList\",\"@id\":\"https:\/\/gemengen.zesummeliewen.lu\/de\/gresil-11-29-november-2023\/#breadcrumb\",\"itemListElement\":[{\"@type\":\"ListItem\",\"position\":1,\"name\":\"Startseite\",\"item\":\"https:\/\/gemengen.zesummeliewen.lu\/de\/\"},{\"@type\":\"ListItem\",\"position\":2,\"name\":\"GRESIL 11 &#8211; 29. November 2023\"}]},{\"@type\":\"WebSite\",\"@id\":\"https:\/\/gemengen.zesummeliewen.lu\/#website\",\"url\":\"https:\/\/gemengen.zesummeliewen.lu\/\",\"name\":\"Zesummeliewen\",\"description\":\"Zesummeliewen an \u00e4rer Gemeng\",\"publisher\":{\"@id\":\"https:\/\/gemengen.zesummeliewen.lu\/#organization\"},\"potentialAction\":[{\"@type\":\"SearchAction\",\"target\":{\"@type\":\"EntryPoint\",\"urlTemplate\":\"https:\/\/gemengen.zesummeliewen.lu\/?s={search_term_string}\"},\"query-input\":{\"@type\":\"PropertyValueSpecification\",\"valueRequired\":true,\"valueName\":\"search_term_string\"}}],\"inLanguage\":\"de\"},{\"@type\":\"Organization\",\"@id\":\"https:\/\/gemengen.zesummeliewen.lu\/#organization\",\"name\":\"Zesummeliewen\",\"alternateName\":\"Zesummeliewen\",\"url\":\"https:\/\/gemengen.zesummeliewen.lu\/\",\"logo\":{\"@type\":\"ImageObject\",\"inLanguage\":\"de\",\"@id\":\"https:\/\/gemengen.zesummeliewen.lu\/#\/schema\/logo\/image\/\",\"url\":\"https:\/\/gemengen.zesummeliewen.lu\/wp-content\/uploads\/2023\/02\/MFI__zesumme_liewen_gemeng_logo-1.png\",\"contentUrl\":\"https:\/\/gemengen.zesummeliewen.lu\/wp-content\/uploads\/2023\/02\/MFI__zesumme_liewen_gemeng_logo-1.png\",\"width\":1718,\"height\":613,\"caption\":\"Zesummeliewen\"},\"image\":{\"@id\":\"https:\/\/gemengen.zesummeliewen.lu\/#\/schema\/logo\/image\/\"}},{\"@type\":\"Person\",\"@id\":\"https:\/\/gemengen.zesummeliewen.lu\/#\/schema\/person\/b8e9c26111bd79bd57417b7e0dcb3dd0\",\"name\":\"admin\",\"sameAs\":[\"https:\/\/gemengen.zesummeliewen.lu\"]}]}<\/script>\n<!-- \/ Yoast SEO plugin. -->","yoast_head_json":{"title":"Aktuelles - GRESIL 11 (29. November 2023)","description":"Thema: \u201eNeuer gesetzlicher Rahmen: Gesetz vom 23. August 2023 \u00fcber das interkulturelle Zusammenleben. F\u00f6rderung des interkulturellen Zusammenlebens auf lokaler Ebene, St\u00e4rkung des gesellschaftlichen Zusammenhalts\u201c.","robots":{"index":"index","follow":"follow","max-snippet":"max-snippet:-1","max-image-preview":"max-image-preview:large","max-video-preview":"max-video-preview:-1"},"canonical":"https:\/\/gemengen.zesummeliewen.lu\/de\/gresil-11-29-november-2023\/","og_locale":"de_DE","og_type":"article","og_title":"Aktuelles - GRESIL 11 (29. November 2023)","og_description":"Thema: \u201eNeuer gesetzlicher Rahmen: Gesetz vom 23. August 2023 \u00fcber das interkulturelle Zusammenleben. F\u00f6rderung des interkulturellen Zusammenlebens auf lokaler Ebene, St\u00e4rkung des gesellschaftlichen Zusammenhalts\u201c.","og_url":"https:\/\/gemengen.zesummeliewen.lu\/de\/gresil-11-29-november-2023\/","og_site_name":"Zesummeliewen","article_published_time":"2023-10-16T13:46:22+00:00","article_modified_time":"2023-11-23T07:23:55+00:00","og_image":[{"width":750,"height":480,"url":"https:\/\/gemengen.zesummeliewen.lu\/wp-content\/uploads\/2023\/10\/\u00a9MFAMIGR-news-gresil11.jpg","type":"image\/jpeg"}],"author":"admin","twitter_card":"summary_large_image","twitter_misc":{"Verfasst von":"admin","Gesch\u00e4tzte Lesezeit":"2\u00a0Minuten"},"schema":{"@context":"https:\/\/schema.org","@graph":[{"@type":"Article","@id":"https:\/\/gemengen.zesummeliewen.lu\/de\/gresil-11-29-november-2023\/#article","isPartOf":{"@id":"https:\/\/gemengen.zesummeliewen.lu\/de\/gresil-11-29-november-2023\/"},"author":{"name":"admin","@id":"https:\/\/gemengen.zesummeliewen.lu\/#\/schema\/person\/b8e9c26111bd79bd57417b7e0dcb3dd0"},"headline":"GRESIL 11 &#8211; 29. November 2023","datePublished":"2023-10-16T13:46:22+00:00","dateModified":"2023-11-23T07:23:55+00:00","mainEntityOfPage":{"@id":"https:\/\/gemengen.zesummeliewen.lu\/de\/gresil-11-29-november-2023\/"},"wordCount":418,"publisher":{"@id":"https:\/\/gemengen.zesummeliewen.lu\/#organization"},"image":{"@id":"https:\/\/gemengen.zesummeliewen.lu\/de\/gresil-11-29-november-2023\/#primaryimage"},"thumbnailUrl":"https:\/\/gemengen.zesummeliewen.lu\/wp-content\/uploads\/2023\/10\/\u00a9MFAMIGR-news-gresil11.jpg","articleSection":["Non classifi\u00e9(e)","Non classifi\u00e9(e)"],"inLanguage":"de"},{"@type":"WebPage","@id":"https:\/\/gemengen.zesummeliewen.lu\/de\/gresil-11-29-november-2023\/","url":"https:\/\/gemengen.zesummeliewen.lu\/de\/gresil-11-29-november-2023\/","name":"Aktuelles - GRESIL 11 (29. November 2023)","isPartOf":{"@id":"https:\/\/gemengen.zesummeliewen.lu\/#website"},"primaryImageOfPage":{"@id":"https:\/\/gemengen.zesummeliewen.lu\/de\/gresil-11-29-november-2023\/#primaryimage"},"image":{"@id":"https:\/\/gemengen.zesummeliewen.lu\/de\/gresil-11-29-november-2023\/#primaryimage"},"thumbnailUrl":"https:\/\/gemengen.zesummeliewen.lu\/wp-content\/uploads\/2023\/10\/\u00a9MFAMIGR-news-gresil11.jpg","datePublished":"2023-10-16T13:46:22+00:00","dateModified":"2023-11-23T07:23:55+00:00","description":"Thema: \u201eNeuer gesetzlicher Rahmen: Gesetz vom 23. August 2023 \u00fcber das interkulturelle Zusammenleben. F\u00f6rderung des interkulturellen Zusammenlebens auf lokaler Ebene, St\u00e4rkung des gesellschaftlichen Zusammenhalts\u201c.","breadcrumb":{"@id":"https:\/\/gemengen.zesummeliewen.lu\/de\/gresil-11-29-november-2023\/#breadcrumb"},"inLanguage":"de","potentialAction":[{"@type":"ReadAction","target":["https:\/\/gemengen.zesummeliewen.lu\/de\/gresil-11-29-november-2023\/"]}]},{"@type":"ImageObject","inLanguage":"de","@id":"https:\/\/gemengen.zesummeliewen.lu\/de\/gresil-11-29-november-2023\/#primaryimage","url":"https:\/\/gemengen.zesummeliewen.lu\/wp-content\/uploads\/2023\/10\/\u00a9MFAMIGR-news-gresil11.jpg","contentUrl":"https:\/\/gemengen.zesummeliewen.lu\/wp-content\/uploads\/2023\/10\/\u00a9MFAMIGR-news-gresil11.jpg","width":750,"height":480,"caption":"Actualit\u00e9s GRESIL 11 Vivre-ensemble interculturel"},{"@type":"BreadcrumbList","@id":"https:\/\/gemengen.zesummeliewen.lu\/de\/gresil-11-29-november-2023\/#breadcrumb","itemListElement":[{"@type":"ListItem","position":1,"name":"Startseite","item":"https:\/\/gemengen.zesummeliewen.lu\/de\/"},{"@type":"ListItem","position":2,"name":"GRESIL 11 &#8211; 29. November 2023"}]},{"@type":"WebSite","@id":"https:\/\/gemengen.zesummeliewen.lu\/#website","url":"https:\/\/gemengen.zesummeliewen.lu\/","name":"Zesummeliewen","description":"Zesummeliewen an \u00e4rer Gemeng","publisher":{"@id":"https:\/\/gemengen.zesummeliewen.lu\/#organization"},"potentialAction":[{"@type":"SearchAction","target":{"@type":"EntryPoint","urlTemplate":"https:\/\/gemengen.zesummeliewen.lu\/?s={search_term_string}"},"query-input":{"@type":"PropertyValueSpecification","valueRequired":true,"valueName":"search_term_string"}}],"inLanguage":"de"},{"@type":"Organization","@id":"https:\/\/gemengen.zesummeliewen.lu\/#organization","name":"Zesummeliewen","alternateName":"Zesummeliewen","url":"https:\/\/gemengen.zesummeliewen.lu\/","logo":{"@type":"ImageObject","inLanguage":"de","@id":"https:\/\/gemengen.zesummeliewen.lu\/#\/schema\/logo\/image\/","url":"https:\/\/gemengen.zesummeliewen.lu\/wp-content\/uploads\/2023\/02\/MFI__zesumme_liewen_gemeng_logo-1.png","contentUrl":"https:\/\/gemengen.zesummeliewen.lu\/wp-content\/uploads\/2023\/02\/MFI__zesumme_liewen_gemeng_logo-1.png","width":1718,"height":613,"caption":"Zesummeliewen"},"image":{"@id":"https:\/\/gemengen.zesummeliewen.lu\/#\/schema\/logo\/image\/"}},{"@type":"Person","@id":"https:\/\/gemengen.zesummeliewen.lu\/#\/schema\/person\/b8e9c26111bd79bd57417b7e0dcb3dd0","name":"admin","sameAs":["https:\/\/gemengen.zesummeliewen.lu"]}]}},"_links":{"self":[{"href":"https:\/\/gemengen.zesummeliewen.lu\/de\/wp-json\/wp\/v2\/posts\/2636","targetHints":{"allow":["GET"]}}],"collection":[{"href":"https:\/\/gemengen.zesummeliewen.lu\/de\/wp-json\/wp\/v2\/posts"}],"about":[{"href":"https:\/\/gemengen.zesummeliewen.lu\/de\/wp-json\/wp\/v2\/types\/post"}],"author":[{"embeddable":true,"href":"https:\/\/gemengen.zesummeliewen.lu\/de\/wp-json\/wp\/v2\/users\/1"}],"replies":[{"embeddable":true,"href":"https:\/\/gemengen.zesummeliewen.lu\/de\/wp-json\/wp\/v2\/comments?post=2636"}],"version-history":[{"count":9,"href":"https:\/\/gemengen.zesummeliewen.lu\/de\/wp-json\/wp\/v2\/posts\/2636\/revisions"}],"predecessor-version":[{"id":3532,"href":"https:\/\/gemengen.zesummeliewen.lu\/de\/wp-json\/wp\/v2\/posts\/2636\/revisions\/3532"}],"wp:featuredmedia":[{"embeddable":true,"href":"https:\/\/gemengen.zesummeliewen.lu\/de\/wp-json\/wp\/v2\/media\/2604"}],"wp:attachment":[{"href":"https:\/\/gemengen.zesummeliewen.lu\/de\/wp-json\/wp\/v2\/media?parent=2636"}],"wp:term":[{"taxonomy":"category","embeddable":true,"href":"https:\/\/gemengen.zesummeliewen.lu\/de\/wp-json\/wp\/v2\/categories?post=2636"},{"taxonomy":"post_tag","embeddable":true,"href":"https:\/\/gemengen.zesummeliewen.lu\/de\/wp-json\/wp\/v2\/tags?post=2636"}],"curies":[{"name":"wp","href":"https:\/\/api.w.org\/{rel}","templated":true}]}}